{"id":4444,"date":"2022-06-27T18:11:34","date_gmt":"2022-06-27T16:11:34","guid":{"rendered":"http:\/\/www.beur-boy.fr\/?p=4444"},"modified":"2022-06-27T18:15:13","modified_gmt":"2022-06-27T16:15:13","slug":"moon-pride","status":"publish","type":"post","link":"https:\/\/www.beur-boy.fr\/?p=4444","title":{"rendered":"Moon Pride."},"content":{"rendered":"<div class=\"wp-block-image\">\n<figure class=\"aligncenter size-medium\"><img loading=\"lazy\" decoding=\"async\" width=\"400\" height=\"500\" src=\"http:\/\/www.beur-boy.fr\/wordpress\/wp-content\/uploads\/2022\/06\/sailorpride-400x500.jpg\" alt=\"\" class=\"wp-image-4446\" srcset=\"https:\/\/www.beur-boy.fr\/wordpress\/wp-content\/uploads\/2022\/06\/sailorpride-400x500.jpg 400w, https:\/\/www.beur-boy.fr\/wordpress\/wp-content\/uploads\/2022\/06\/sailorpride-819x1024.jpg 819w, https:\/\/www.beur-boy.fr\/wordpress\/wp-content\/uploads\/2022\/06\/sailorpride-768x960.jpg 768w, https:\/\/www.beur-boy.fr\/wordpress\/wp-content\/uploads\/2022\/06\/sailorpride-1229x1536.jpg 1229w, https:\/\/www.beur-boy.fr\/wordpress\/wp-content\/uploads\/2022\/06\/sailorpride-1638x2048.jpg 1638w, https:\/\/www.beur-boy.fr\/wordpress\/wp-content\/uploads\/2022\/06\/sailorpride-scaled.jpg 2048w\" sizes=\"auto, (max-width: 400px) 100vw, 400px\" \/><\/figure><\/div>\n\n\n<p>Il y a vingt ans, je faisais ma premi\u00e8re Marche des Fiert\u00e9s, la Gay Pride \u00e0 l&rsquo;\u00e9poque.<\/p>\n\n\n\n<p>2002. On s&rsquo;\u00e9tait retrouv\u00e9 avec les Filles et on avait d\u00e9fil\u00e9 ensemble. Je portais un gilet \u00e0 capuche blanc tr\u00e8s l\u00e9ger. Hommage affich\u00e9 \u00e0 Kylie Minogue et sa tenue dans Can&rsquo;t get you out of my head. J&rsquo;avais 19 ans. Je devais faire 50kgs. J&rsquo;\u00e9tais une brindille-twink compl\u00e8tement myope. <\/p>\n\n\n\n<p>Je me sentais bien. Entour\u00e9 de toutes ces personnes comme moi. Dans une atmosph\u00e8re lib\u00e9r\u00e9e et lib\u00e9ratrice. <\/p>\n\n\n\n<p>Vers 17h, les Filles sont rentr\u00e9es. Et je me suis retrouv\u00e9 seul au milieu de la foule. Je n&rsquo;avais pas envie de partir. J&rsquo;aurais aim\u00e9 que \u00e7a ne s&rsquo;arr\u00eate jamais. <\/p>\n\n\n\n<p><strong>Je ne voulais pas rebasculer dans le monde h\u00e9t\u00e9ro.<\/strong><\/p>\n\n\n\n<p>Alors, \u00e0 Bastille, je me suis assis sur les marches de l&rsquo;Op\u00e9ra et j&rsquo;observais. Je r\u00eavais de me m\u00ealer \u00e0 la foule. Je voulais tant faire partie de ce monde. Mais je ne connaissais personne. J&rsquo;\u00e9tais le seul gay que je connaissais. Et j&rsquo;\u00e9tais bien trop timide.<\/p>\n\n\n\n<p>Ma premi\u00e8re Marche des Fiert\u00e9s avait eu ce go\u00fbt doux-amer. <\/p>\n\n\n\n<p>2022. K\u00e9vin Bacon et moi avons retrouv\u00e9 un de mes amis \u00e0 Michel Bizot apr\u00e8s mille p\u00e9rip\u00e9ties. Accident de vernis \u00e0 ongles &#8211; <em>il faut imp\u00e9rativement apprendre aux gar\u00e7ons \u00e0 se maquiller !<\/em>, et m\u00e9tro en panne&#8230; J&rsquo;ai cru que nous n&rsquo;arriverions jamais.<\/p>\n\n\n\n<p>J&rsquo;ai mis un tutu blanc, un T-shirt de Sailor Moon et du vernis \u00e0 ongles aux couleurs du drapeau trans. J&rsquo;ai maintenant 39 ans. Je suis un Daddy et toujours une Magical Girl. <\/p>\n\n\n\n<p>Mais surtout. Aujourd&rsquo;hui. Je ne suis plus le seul gay que je connais. <\/p>\n\n\n\n<p>Nous sommes vingt ans apr\u00e8s. J&rsquo;ai crois\u00e9 des amis, des jolis gar\u00e7ons de twitter et mes potes du volley. Et j&rsquo;ai fini la soir\u00e9e au Quetzal comme l&rsquo;an dernier, entour\u00e9 de mes amis et de tous ces gens comme moi.  <\/p>\n\n\n\n<p>Je fais maintenant partie de la foule <strong>\u2661<\/strong>.<\/p>\n","protected":false},"excerpt":{"rendered":"<p>Il y a vingt ans, je faisais ma premi\u00e8re Marche des Fiert\u00e9s, la Gay Pride \u00e0 l&rsquo;\u00e9poque. 2002. On s&rsquo;\u00e9tait retrouv\u00e9 avec les Filles et<\/p>\n","protected":false},"author":1,"featured_media":0,"comment_status":"open","ping_status":"open","sticky":false,"template":"","format":"standard","meta":{"footnotes":""},"categories":[83],"tags":[],"class_list":["post-4444","post","type-post","status-publish","format-standard","hentry","category-mascara-for-masc"],"_links":{"self":[{"href":"https:\/\/www.beur-boy.fr\/index.php?rest_route=\/wp\/v2\/posts\/4444","targetHints":{"allow":["GET"]}}],"collection":[{"href":"https:\/\/www.beur-boy.fr\/index.php?rest_route=\/wp\/v2\/posts"}],"about":[{"href":"https:\/\/www.beur-boy.fr\/index.php?rest_route=\/wp\/v2\/types\/post"}],"author":[{"embeddable":true,"href":"https:\/\/www.beur-boy.fr\/index.php?rest_route=\/wp\/v2\/users\/1"}],"replies":[{"embeddable":true,"href":"https:\/\/www.beur-boy.fr\/index.php?rest_route=%2Fwp%2Fv2%2Fcomments&post=4444"}],"version-history":[{"count":4,"href":"https:\/\/www.beur-boy.fr\/index.php?rest_route=\/wp\/v2\/posts\/4444\/revisions"}],"predecessor-version":[{"id":4449,"href":"https:\/\/www.beur-boy.fr\/index.php?rest_route=\/wp\/v2\/posts\/4444\/revisions\/4449"}],"wp:attachment":[{"href":"https:\/\/www.beur-boy.fr\/index.php?rest_route=%2Fwp%2Fv2%2Fmedia&parent=4444"}],"wp:term":[{"taxonomy":"category","embeddable":true,"href":"https:\/\/www.beur-boy.fr\/index.php?rest_route=%2Fwp%2Fv2%2Fcategories&post=4444"},{"taxonomy":"post_tag","embeddable":true,"href":"https:\/\/www.beur-boy.fr\/index.php?rest_route=%2Fwp%2Fv2%2Ftags&post=4444"}],"curies":[{"name":"wp","href":"https:\/\/api.w.org\/{rel}","templated":true}]}}