{"id":3455,"date":"2020-04-13T20:00:00","date_gmt":"2020-04-13T18:00:00","guid":{"rendered":"http:\/\/www.beur-boy.fr\/?p=3455"},"modified":"2022-06-23T23:04:43","modified_gmt":"2022-06-23T21:04:43","slug":"confine","status":"publish","type":"post","link":"https:\/\/www.beur-boy.fr\/?p=3455","title":{"rendered":"Confin\u00e9."},"content":{"rendered":"\n<div class=\"wp-block-image\"><figure class=\"aligncenter size-large\"><img loading=\"lazy\" decoding=\"async\" width=\"450\" height=\"248\" src=\"http:\/\/www.beur-boy.fr\/wordpress\/wp-content\/uploads\/2020\/04\/tumblr_m50hd1RvyI1qb3920o1_540.gif\" alt=\"\" class=\"wp-image-3467\"\/><\/figure><\/div>\n\n\n\n<p>J&rsquo;ai toujours \u00e9t\u00e9 tr\u00e8s solitaire.<\/p>\n\n\n\n<p>Je me souviens de moi. Ado. Dans ma chambre-forteresse. Passant mon temps \u00e0 dessiner ou \u00e0 \u00e9crire des histoires. Pendant que mes Fr\u00e8res sortaient avec leurs copains et faisaient du foot. <\/p>\n\n\n\n<p>Je me souviens de moi. Jeune adulte. Dans mon appart. A bloguer alors que j&rsquo;entendais les gens dehors se regrouper et passer le temps. <\/p>\n\n\n\n<p>La v\u00e9rit\u00e9. C&rsquo;est qu&rsquo;int\u00e9rieurement. Je sais que je pourrais rester enferm\u00e9 plusieurs jours sans ressentir le besoin de voir quelqu&rsquo;un. Parce que j&rsquo;appr\u00e9cie de me retrouver seul. Avec Moi. Dans mon monde. <\/p>\n\n\n\n<p>J&rsquo;ai toujours ressenti le besoin de m&rsquo;enfermer. De m&rsquo;isoler. Sans autres voix. Juste Moi.<\/p>\n\n\n\n<p>C&rsquo;est d&rsquo;ailleurs amusant. Comme. Dans ma t\u00eate. \u00ab\u00a0S&rsquo;\u00e9vader\u00a0\u00bb signifie \u00ab\u00a0m&rsquo;isoler\u00a0\u00bb. L&rsquo;image que j&rsquo;ai de l&rsquo;\u00e9vasion me renvoie toujours \u00e0 moi, seul, entre quatre murs. Je m&rsquo;\u00e9vade dans mon monde.<\/p>\n\n\n\n<p>C&rsquo;est v\u00e9ritablement en commen\u00e7ant \u00e0 travailler \u00e0 temps plein et \u00e0 sortir avec des gar\u00e7ons que j&rsquo;ai compris que ce n&rsquo;\u00e9tait pas compatible avec une vie d&rsquo;adulte.<\/p>\n\n\n\n<p>J&rsquo;ai d\u00fb proc\u00e9der \u00e0 des ajustements. Pour ne pas blesser mes proches par ce c\u00f4t\u00e9 trop solitaire. Pour ne pas perdre davantage d&rsquo;amis, frustr\u00e9s par mes silences radios. Et pour ne pas repousser les gar\u00e7ons, refroidis \u00e0 l&rsquo;id\u00e9e de ne pouvoir vraiment entrer.<\/p>\n\n\n\n<p>J&rsquo;ai donc appris \u00e0 sortir. A donner des nouvelles. A prendre des nouvelles (le plus dur). A r\u00e9pondre \u00ab\u00a0oui\u00a0\u00bb \u00e0 des propositions de diners\/soir\u00e9es, alors que je n&rsquo;avais qu&rsquo;une envie, rester\/rentrer chez moi. <\/p>\n\n\n\n<p>Et j&rsquo;ai eu de la chance. J&rsquo;ai rencontr\u00e9 un gar\u00e7on (presque) aussi solitaire que moi. Et nous avons pu accorder nos rythmes et synchroniser nos natures de fa\u00e7on \u00e0 ce que ni l&rsquo;un ni l&rsquo;autre ne se sente brusqu\u00e9 ou forc\u00e9 \u00e0 changer. <\/p>\n\n\n\n<p>Alors vous pensez bien que non. Je n&rsquo;ai pas eu peur de devoir me confiner seul. Au contraire. C&rsquo;est qui je suis. J&rsquo;ai l&rsquo;impression de revivre ce que j&rsquo;ai toujours aim\u00e9 faire plus jeune et que j&rsquo;ai un peu perdu avec ma vie d&rsquo;adulte.<\/p>\n\n\n\n<p>Je n&rsquo;ai pas mal v\u00e9cu le fait de me retrouver avec moi-m\u00eame.<br>Je n&rsquo;ai pas mal v\u00e9cu le fait de devoir limiter mes interactions avec les autres.<br>Je n&rsquo;ai pas mal v\u00e9cu le fait de ne pas parler pendant de longues heures.<br>Et je n&rsquo;ai pas mal v\u00e9cu le fait de devoir m&rsquo;occuper.<\/p>\n\n\n\n<p>Non. Moi. Ma vraie crainte. C&rsquo;est de m&rsquo;enfoncer davantage dans ce c\u00f4t\u00e9 solitaire. Et d&rsquo;avoir du mal \u00e0 en sortir par la suite.<\/p>\n","protected":false},"excerpt":{"rendered":"<p>J&rsquo;ai toujours \u00e9t\u00e9 tr\u00e8s solitaire. Je me souviens de moi. Ado. Dans ma chambre-forteresse. Passant mon temps \u00e0 dessiner ou \u00e0 \u00e9crire des histoires. Pendant<\/p>\n","protected":false},"author":1,"featured_media":0,"comment_status":"open","ping_status":"open","sticky":false,"template":"","format":"standard","meta":{"footnotes":""},"categories":[72,71],"tags":[],"class_list":["post-3455","post","type-post","status-publish","format-standard","hentry","category-melancolie-apocalypse","category-psithurisme-nostalgique"],"_links":{"self":[{"href":"https:\/\/www.beur-boy.fr\/index.php?rest_route=\/wp\/v2\/posts\/3455","targetHints":{"allow":["GET"]}}],"collection":[{"href":"https:\/\/www.beur-boy.fr\/index.php?rest_route=\/wp\/v2\/posts"}],"about":[{"href":"https:\/\/www.beur-boy.fr\/index.php?rest_route=\/wp\/v2\/types\/post"}],"author":[{"embeddable":true,"href":"https:\/\/www.beur-boy.fr\/index.php?rest_route=\/wp\/v2\/users\/1"}],"replies":[{"embeddable":true,"href":"https:\/\/www.beur-boy.fr\/index.php?rest_route=%2Fwp%2Fv2%2Fcomments&post=3455"}],"version-history":[{"count":6,"href":"https:\/\/www.beur-boy.fr\/index.php?rest_route=\/wp\/v2\/posts\/3455\/revisions"}],"predecessor-version":[{"id":3469,"href":"https:\/\/www.beur-boy.fr\/index.php?rest_route=\/wp\/v2\/posts\/3455\/revisions\/3469"}],"wp:attachment":[{"href":"https:\/\/www.beur-boy.fr\/index.php?rest_route=%2Fwp%2Fv2%2Fmedia&parent=3455"}],"wp:term":[{"taxonomy":"category","embeddable":true,"href":"https:\/\/www.beur-boy.fr\/index.php?rest_route=%2Fwp%2Fv2%2Fcategories&post=3455"},{"taxonomy":"post_tag","embeddable":true,"href":"https:\/\/www.beur-boy.fr\/index.php?rest_route=%2Fwp%2Fv2%2Ftags&post=3455"}],"curies":[{"name":"wp","href":"https:\/\/api.w.org\/{rel}","templated":true}]}}